{"id":1492,"date":"2024-11-18T13:05:07","date_gmt":"2024-11-18T18:05:07","guid":{"rendered":"https:\/\/arcm.ca\/mixed-arcm-mixte\/"},"modified":"2024-11-18T13:10:29","modified_gmt":"2024-11-18T18:10:29","slug":"mixed-arcm-mixte","status":"publish","type":"post","link":"https:\/\/arcm.ca\/fr\/mixed-arcm-mixte\/","title":{"rendered":"Mixed ARCM Mixte"},"content":{"rendered":"<div><img loading=\"lazy\" decoding=\"async\" class=\"alignnone size-medium wp-image-1490\" src=\"\/\/arcm.ca\/wp-content\/uploads\/ARCM-Mixed-2024-2-225x300.jpg\" alt=\"\" width=\"225\" height=\"300\" srcset=\"https:\/\/arcm.ca\/wp-content\/uploads\/ARCM-Mixed-2024-2-225x300.jpg 225w, https:\/\/arcm.ca\/wp-content\/uploads\/ARCM-Mixed-2024-2-480x640.jpg 480w, https:\/\/arcm.ca\/wp-content\/uploads\/ARCM-Mixed-2024-2.jpg 768w\" sizes=\"(max-width: 225px) 100vw, 225px\" \/><img loading=\"lazy\" decoding=\"async\" class=\"size-medium wp-image-1489 alignleft\" src=\"\/\/arcm.ca\/wp-content\/uploads\/ARCM-Mixed-2024-1-225x300.jpg\" alt=\"\" width=\"225\" height=\"300\" srcset=\"https:\/\/arcm.ca\/wp-content\/uploads\/ARCM-Mixed-2024-1-225x300.jpg 225w, https:\/\/arcm.ca\/wp-content\/uploads\/ARCM-Mixed-2024-1-480x640.jpg 480w, https:\/\/arcm.ca\/wp-content\/uploads\/ARCM-Mixed-2024-1.jpg 768w\" sizes=\"(max-width: 225px) 100vw, 225px\" \/><\/div>\n<div><\/div>\n<div>F\u00e9licitations au club de curling de Laval-sur-le-lac pour avoir remport\u00e9 le tournoi mixte ARCM de cette ann\u00e9e.<\/div>\n<div><\/div>\n<div><\/div>\n<div>L&rsquo;\u00e9quipe a bien jou\u00e9 et a repr\u00e9sent\u00e9 le club de la meilleure des mani\u00e8res. Nous avons h\u00e2te que Laval-sur-le-lac accueille les \u00e9v\u00e9nements l&rsquo;ann\u00e9e prochaine.<\/div>\n<div><\/div>\n<div><\/div>\n<div>Bien que l&rsquo;\u00e9quipe ait ramen\u00e9 le troph\u00e9e \u00e0 Laval, nous constatons que les \u00e9quipes n&rsquo;ont plus de place pour des plaques suppl\u00e9mentaires et vous demandons si vous pouvez confirmer avec votre magasin de troph\u00e9es local pour demander l&rsquo;ajout d&rsquo;une section et l&rsquo;ARCM couvrirait les co\u00fbts de cette mise \u00e0 niveau. Sinon, je viendrai chercher le troph\u00e9e le 14 d\u00e9cembre et ferai la m\u00eame demande dans un magasin local et le retournerai au club.<\/div>\n<div><\/div>\n<div><\/div>\n<div>Veuillez me le faire savoir d\u00e8s que possible.<\/div>\n<div><\/div>\n<div><\/div>\n<div>J&rsquo;aimerais \u00e9galement ajouter une note pour remercier le Hudson Whitlock Golf and Country Club d&rsquo;avoir accueilli cette ann\u00e9e. La journ\u00e9e a \u00e9t\u00e9 superbe pour toutes les \u00e9quipes (\u00e0 part quelques d\u00e9faites), le d\u00e9jeuner \u00e9tait excellent et c&rsquo;\u00e9tait une belle journ\u00e9e pour tout le monde. Merci particuli\u00e8rement \u00e0 Jennifer Mohr d&rsquo;avoir dirig\u00e9 l&rsquo;\u00e9quipe du WGCC ce week-end.<\/div>\n<div><\/div>\n<div><\/div>\n<div><span class=\"il\">Brock<\/span>\u00a0Macdonald<\/div>\n<div>Directeur de l&rsquo;ARCM<\/div>\n","protected":false},"excerpt":{"rendered":"<p>F\u00e9licitations au club de curling de Laval-sur-le-lac pour avoir remport\u00e9 le tournoi mixte ARCM de cette ann\u00e9e. L&rsquo;\u00e9quipe a bien jou\u00e9 et a repr\u00e9sent\u00e9 le club de la meilleure des mani\u00e8res. Nous avons h\u00e2te que Laval-sur-le-lac accueille les \u00e9v\u00e9nements l&rsquo;ann\u00e9e prochaine. Bien que l&rsquo;\u00e9quipe ait ramen\u00e9 le troph\u00e9e \u00e0 Laval, nous constatons que les \u00e9quipes [&hellip;]<\/p>\n","protected":false},"author":4,"featured_media":0,"comment_status":"closed","ping_status":"closed","sticky":false,"template":"","format":"standard","meta":{"_et_pb_use_builder":"","_et_pb_old_content":"","_et_gb_content_width":"","footnotes":""},"categories":[74,75],"tags":[],"class_list":["post-1492","post","type-post","status-publish","format-standard","hentry","category-evenements-fr","category-events-fr"],"_links":{"self":[{"href":"https:\/\/arcm.ca\/fr\/wp-json\/wp\/v2\/posts\/1492","targetHints":{"allow":["GET"]}}],"collection":[{"href":"https:\/\/arcm.ca\/fr\/wp-json\/wp\/v2\/posts"}],"about":[{"href":"https:\/\/arcm.ca\/fr\/wp-json\/wp\/v2\/types\/post"}],"author":[{"embeddable":true,"href":"https:\/\/arcm.ca\/fr\/wp-json\/wp\/v2\/users\/4"}],"replies":[{"embeddable":true,"href":"https:\/\/arcm.ca\/fr\/wp-json\/wp\/v2\/comments?post=1492"}],"version-history":[{"count":1,"href":"https:\/\/arcm.ca\/fr\/wp-json\/wp\/v2\/posts\/1492\/revisions"}],"predecessor-version":[{"id":1494,"href":"https:\/\/arcm.ca\/fr\/wp-json\/wp\/v2\/posts\/1492\/revisions\/1494"}],"wp:attachment":[{"href":"https:\/\/arcm.ca\/fr\/wp-json\/wp\/v2\/media?parent=1492"}],"wp:term":[{"taxonomy":"category","embeddable":true,"href":"https:\/\/arcm.ca\/fr\/wp-json\/wp\/v2\/categories?post=1492"},{"taxonomy":"post_tag","embeddable":true,"href":"https:\/\/arcm.ca\/fr\/wp-json\/wp\/v2\/tags?post=1492"}],"curies":[{"name":"wp","href":"https:\/\/api.w.org\/{rel}","templated":true}]}}